{"id":5903,"date":"2024-03-27T10:19:49","date_gmt":"2024-03-27T10:19:49","guid":{"rendered":"https:\/\/allsign.be\/limportance-de-la-signalisation-pour-les-personnes-ayant-une-deficience-visuelle\/"},"modified":"2024-05-02T07:12:01","modified_gmt":"2024-05-02T07:12:01","slug":"limportance-de-la-signalisation-pour-les-personnes-ayant-une-deficience-visuelle","status":"publish","type":"post","link":"https:\/\/allsign.be\/fr\/limportance-de-la-signalisation-pour-les-personnes-ayant-une-deficience-visuelle\/","title":{"rendered":"L&rsquo;importance de la signalisation pour les personnes ayant une d\u00e9ficience visuelle"},"content":{"rendered":"\t\t<div data-elementor-type=\"wp-post\" data-elementor-id=\"5903\" class=\"elementor elementor-5903 elementor-5887\" data-elementor-post-type=\"post\">\n\t\t\t\t\t\t<section class=\"elementor-section elementor-top-section elementor-element elementor-element-c9e8ade elementor-section-boxed elementor-section-height-default elementor-section-height-default\" data-id=\"c9e8ade\" data-element_type=\"section\" data-e-type=\"section\">\n\t\t\t\t\t\t\t<div class=\"elementor-background-overlay\"><\/div>\n\t\t\t\t\t\t\t<div class=\"elementor-container elementor-column-gap-default\">\n\t\t\t\t\t<div class=\"elementor-column elementor-col-100 elementor-top-column elementor-element elementor-element-211c84a\" data-id=\"211c84a\" data-element_type=\"column\" data-e-type=\"column\">\n\t\t\t<div class=\"elementor-widget-wrap elementor-element-populated\">\n\t\t\t\t\t\t<div class=\"elementor-element elementor-element-b27650b elementor-widget elementor-widget-heading\" data-id=\"b27650b\" data-element_type=\"widget\" data-e-type=\"widget\" data-widget_type=\"heading.default\">\n\t\t\t\t<div class=\"elementor-widget-container\">\n\t\t\t\t\t<h1 class=\"elementor-heading-title elementor-size-default\">L'importance de la signalisation pour les personnes ayant une d\u00e9ficience visuelle<\/h1>\t\t\t\t<\/div>\n\t\t\t\t<\/div>\n\t\t\t\t<div class=\"elementor-element elementor-element-9480860 elementor-widget elementor-widget-text-editor\" data-id=\"9480860\" data-element_type=\"widget\" data-e-type=\"widget\" data-widget_type=\"text-editor.default\">\n\t\t\t\t<div class=\"elementor-widget-container\">\n\t\t\t\t\t\t\t\t\t<p>D\u00e9couvrez comment la signalisation joue un r\u00f4le important dans l&rsquo;am\u00e9lioration de l&rsquo;accessibilit\u00e9 et de la s\u00e9curit\u00e9 des espaces publics pour les personnes avec des limitations visuelles. Des marquages tactiles aux pictogrammes en braille, apprenez comment AllSign contribue \u00e0 cr\u00e9er des environnements inclusifs qui accueillent tout le monde.<\/p>\n\t\t\t\t\t\t\t\t<\/div>\n\t\t\t\t<\/div>\n\t\t\t\t\t<\/div>\n\t\t<\/div>\n\t\t\t\t\t<\/div>\n\t\t<\/section>\n\t\t\t\t<section class=\"elementor-section elementor-top-section elementor-element elementor-element-16f377d elementor-section-boxed elementor-section-height-default elementor-section-height-default\" data-id=\"16f377d\" data-element_type=\"section\" data-e-type=\"section\">\n\t\t\t\t\t\t<div class=\"elementor-container elementor-column-gap-default\">\n\t\t\t\t\t<div class=\"elementor-column elementor-col-100 elementor-top-column elementor-element elementor-element-e6a24bb\" data-id=\"e6a24bb\" data-element_type=\"column\" data-e-type=\"column\">\n\t\t\t<div class=\"elementor-widget-wrap elementor-element-populated\">\n\t\t\t\t\t\t<div class=\"elementor-element elementor-element-4e5f357 elementor-widget elementor-widget-heading\" data-id=\"4e5f357\" data-element_type=\"widget\" data-e-type=\"widget\" data-widget_type=\"heading.default\">\n\t\t\t\t<div class=\"elementor-widget-container\">\n\t\t\t\t\t<h2 class=\"elementor-heading-title elementor-size-medium\">Marquage pour d\u00e9ficience visuelle (aveugles):<\/h2>\t\t\t\t<\/div>\n\t\t\t\t<\/div>\n\t\t\t\t<div class=\"elementor-element elementor-element-50b8f9f elementor-widget elementor-widget-text-editor\" data-id=\"50b8f9f\" data-element_type=\"widget\" data-e-type=\"widget\" data-widget_type=\"text-editor.default\">\n\t\t\t\t<div class=\"elementor-widget-container\">\n\t\t\t\t\t\t\t\t\t<p>Les marquages pour les personnes ayant des limitations visuelles sont con\u00e7us pour aider les individus avec une acuit\u00e9 visuelle r\u00e9duite \u00e0 naviguer dans les espaces publics. Ces marquages sont tactiles et\/ou auditifs, transmettant des informations essentielles telles que l&#8217;emplacement des escaliers, des ascenseurs, des portes, etc. Ils sont souvent en relief et d\u00e9tectables au moyen d&rsquo;une canne tactile.<\/p>\n\t\t\t\t\t\t\t\t<\/div>\n\t\t\t\t<\/div>\n\t\t\t\t\t<\/div>\n\t\t<\/div>\n\t\t\t\t\t<\/div>\n\t\t<\/section>\n\t\t\t\t<section class=\"elementor-section elementor-top-section elementor-element elementor-element-105a37e elementor-section-content-middle elementor-reverse-tablet elementor-reverse-mobile elementor-section-boxed elementor-section-height-default elementor-section-height-default\" data-id=\"105a37e\" data-element_type=\"section\" data-e-type=\"section\">\n\t\t\t\t\t\t<div class=\"elementor-container elementor-column-gap-default\">\n\t\t\t\t\t<div class=\"elementor-column elementor-col-50 elementor-top-column elementor-element elementor-element-2484681\" data-id=\"2484681\" data-element_type=\"column\" data-e-type=\"column\">\n\t\t\t<div class=\"elementor-widget-wrap elementor-element-populated\">\n\t\t\t\t\t\t<div class=\"elementor-element elementor-element-6cd340b elementor-widget elementor-widget-heading\" data-id=\"6cd340b\" data-element_type=\"widget\" data-e-type=\"widget\" data-widget_type=\"heading.default\">\n\t\t\t\t<div class=\"elementor-widget-container\">\n\t\t\t\t\t<h2 class=\"elementor-heading-title elementor-size-medium\">Points podotactiles:<\/h2>\t\t\t\t<\/div>\n\t\t\t\t<\/div>\n\t\t\t\t<div class=\"elementor-element elementor-element-6ad1864 elementor-widget elementor-widget-text-editor\" data-id=\"6ad1864\" data-element_type=\"widget\" data-e-type=\"widget\" data-widget_type=\"text-editor.default\">\n\t\t\t\t<div class=\"elementor-widget-container\">\n\t\t\t\t\t\t\t\t\t<p>Les points podotactiles sont de petits points sur\u00e9lev\u00e9s plac\u00e9s au sol pour faciliter la navigation tactile des personnes ayant une d\u00e9ficience visuelle. Ils servent de rep\u00e8res d&rsquo;orientation et de signaux d&rsquo;avertissement pour les dangers imminents, tels que les escaliers, les transitions entre diff\u00e9rentes surfaces de sol ou la fin d&rsquo;une ligne de guidage.<\/p>\n\t\t\t\t\t\t\t\t<\/div>\n\t\t\t\t<\/div>\n\t\t\t\t<div class=\"elementor-element elementor-element-3d08f9b elementor-widget elementor-widget-heading\" data-id=\"3d08f9b\" data-element_type=\"widget\" data-e-type=\"widget\" data-widget_type=\"heading.default\">\n\t\t\t\t<div class=\"elementor-widget-container\">\n\t\t\t\t\t<h2 class=\"elementor-heading-title elementor-size-medium\">Guides de navigation:<\/h2>\t\t\t\t<\/div>\n\t\t\t\t<\/div>\n\t\t\t\t<div class=\"elementor-element elementor-element-a27b592 elementor-widget elementor-widget-text-editor\" data-id=\"a27b592\" data-element_type=\"widget\" data-e-type=\"widget\" data-widget_type=\"text-editor.default\">\n\t\t\t\t<div class=\"elementor-widget-container\">\n\t\t\t\t\t\t\t\t\t<p>Les lignes directrices sont des chemins tactiles que les personnes atteintes de d\u00e9ficience visuelle suivent pour se d\u00e9placer en toute s\u00e9curit\u00e9 dans les espaces publics. Ces lignes sont souvent fabriqu\u00e9es \u00e0 partir de mat\u00e9riaux contrastants et suivent un motif fixe pour offrir coh\u00e9rence et reconnaissance.<\/p>\t\t\t\t\t\t\t\t<\/div>\n\t\t\t\t<\/div>\n\t\t\t\t\t<\/div>\n\t\t<\/div>\n\t\t\t\t<div class=\"elementor-column elementor-col-50 elementor-top-column elementor-element elementor-element-2b14411\" data-id=\"2b14411\" data-element_type=\"column\" data-e-type=\"column\">\n\t\t\t<div class=\"elementor-widget-wrap elementor-element-populated\">\n\t\t\t\t\t\t<div class=\"elementor-element elementor-element-48efda6 elementor-widget elementor-widget-image\" data-id=\"48efda6\" data-element_type=\"widget\" data-e-type=\"widget\" data-widget_type=\"image.default\">\n\t\t\t\t<div class=\"elementor-widget-container\">\n\t\t\t\t\t\t\t\t\t\t\t\t\t\t\t<img fetchpriority=\"high\" decoding=\"async\" width=\"800\" height=\"600\" src=\"https:\/\/allsign.be\/wp-content\/uploads\/2024\/03\/240801-Blog-3--1024x768.jpg\" class=\"attachment-large size-large wp-image-5895\" alt=\"Signalisatie\" srcset=\"https:\/\/allsign.be\/wp-content\/uploads\/2024\/03\/240801-Blog-3--1024x768.jpg 1024w, https:\/\/allsign.be\/wp-content\/uploads\/2024\/03\/240801-Blog-3--300x225.jpg 300w, https:\/\/allsign.be\/wp-content\/uploads\/2024\/03\/240801-Blog-3--768x576.jpg 768w, https:\/\/allsign.be\/wp-content\/uploads\/2024\/03\/240801-Blog-3-.jpg 1200w\" sizes=\"(max-width: 800px) 100vw, 800px\" \/>\t\t\t\t\t\t\t\t\t\t\t\t\t\t\t<\/div>\n\t\t\t\t<\/div>\n\t\t\t\t\t<\/div>\n\t\t<\/div>\n\t\t\t\t\t<\/div>\n\t\t<\/section>\n\t\t\t\t<section class=\"elementor-section elementor-top-section elementor-element elementor-element-a2f1022 elementor-section-content-middle elementor-section-boxed elementor-section-height-default elementor-section-height-default\" data-id=\"a2f1022\" data-element_type=\"section\" data-e-type=\"section\">\n\t\t\t\t\t\t<div class=\"elementor-container elementor-column-gap-default\">\n\t\t\t\t\t<div class=\"elementor-column elementor-col-100 elementor-top-column elementor-element elementor-element-810f670\" data-id=\"810f670\" data-element_type=\"column\" data-e-type=\"column\">\n\t\t\t<div class=\"elementor-widget-wrap elementor-element-populated\">\n\t\t\t\t\t\t<div class=\"elementor-element elementor-element-aca9a80 elementor-widget elementor-widget-heading\" data-id=\"aca9a80\" data-element_type=\"widget\" data-e-type=\"widget\" data-widget_type=\"heading.default\">\n\t\t\t\t<div class=\"elementor-widget-container\">\n\t\t\t\t\t<h2 class=\"elementor-heading-title elementor-size-medium\">Carreaux:<\/h2>\t\t\t\t<\/div>\n\t\t\t\t<\/div>\n\t\t\t\t<div class=\"elementor-element elementor-element-16e89a6 elementor-widget elementor-widget-text-editor\" data-id=\"16e89a6\" data-element_type=\"widget\" data-e-type=\"widget\" data-widget_type=\"text-editor.default\">\n\t\t\t\t<div class=\"elementor-widget-container\">\n\t\t\t\t\t\t\t\t\t<p>Les carreaux tactiles sont utilis\u00e9s comme rep\u00e8res au sol pour indiquer les zones importantes et les obstacles. Par exemple, ils peuvent \u00eatre utilis\u00e9s pour marquer les bords des escaliers, les passages pour pi\u00e9tons ou les portes, permettant ainsi aux personnes atteintes de d\u00e9ficience visuelle de les identifier et de les \u00e9viter plus facilement.<\/p>\n\t\t\t\t\t\t\t\t<\/div>\n\t\t\t\t<\/div>\n\t\t\t\t<div class=\"elementor-element elementor-element-a0e83f0 elementor-widget elementor-widget-heading\" data-id=\"a0e83f0\" data-element_type=\"widget\" data-e-type=\"widget\" data-widget_type=\"heading.default\">\n\t\t\t\t<div class=\"elementor-widget-container\">\n\t\t\t\t\t<h2 class=\"elementor-heading-title elementor-size-medium\">Pictogrammes en braille<\/h2>\t\t\t\t<\/div>\n\t\t\t\t<\/div>\n\t\t\t\t<div class=\"elementor-element elementor-element-28f5fb5 elementor-widget elementor-widget-text-editor\" data-id=\"28f5fb5\" data-element_type=\"widget\" data-e-type=\"widget\" data-widget_type=\"text-editor.default\">\n\t\t\t\t<div class=\"elementor-widget-container\">\n\t\t\t\t\t\t\t\t\t<p>Les pictogrammes en braille sont des symboles sp\u00e9ciaux qui fournissent non seulement des informations visuelles, mais aussi des informations tactiles en braille. Ils sont souvent utilis\u00e9s sur les panneaux, la signalisation et autres dispositifs de rep\u00e9rage pour rendre les informations importantes accessibles aux personnes ayant une d\u00e9ficience visuelle.<\/p>\n\t\t\t\t\t\t\t\t<\/div>\n\t\t\t\t<\/div>\n\t\t\t\t<div class=\"elementor-element elementor-element-3818901 elementor-widget elementor-widget-heading\" data-id=\"3818901\" data-element_type=\"widget\" data-e-type=\"widget\" data-widget_type=\"heading.default\">\n\t\t\t\t<div class=\"elementor-widget-container\">\n\t\t\t\t\t<h2 class=\"elementor-heading-title elementor-size-medium\">En conclusion:<\/h2>\t\t\t\t<\/div>\n\t\t\t\t<\/div>\n\t\t\t\t<div class=\"elementor-element elementor-element-4166b25 elementor-widget elementor-widget-text-editor\" data-id=\"4166b25\" data-element_type=\"widget\" data-e-type=\"widget\" data-widget_type=\"text-editor.default\">\n\t\t\t\t<div class=\"elementor-widget-container\">\n\t\t\t\t\t\t\t\t\t<p>L&rsquo;utilisation de ces solutions de signalisation et d&rsquo;accessibilit\u00e9 est essentielle pour am\u00e9liorer l&rsquo;accessibilit\u00e9 des espaces publics et garantir que les personnes atteintes de d\u00e9ficience visuelle puissent naviguer en toute s\u00e9curit\u00e9 et de mani\u00e8re autonome. Faites vivre l&rsquo;accessibilit\u00e9 dans votre espace ! Contactez d\u00e8s aujourd&rsquo;hui AllSign pour des solutions de signalisation sur mesure r\u00e9pondant aux besoins de tous les utilisateurs.<\/p>\n\t\t\t\t\t\t\t\t<\/div>\n\t\t\t\t<\/div>\n\t\t\t\t\t<\/div>\n\t\t<\/div>\n\t\t\t\t\t<\/div>\n\t\t<\/section>\n\t\t\t\t<section class=\"elementor-section elementor-top-section elementor-element elementor-element-fcbc7a6 elementor-section-boxed elementor-section-height-default elementor-section-height-default\" data-id=\"fcbc7a6\" data-element_type=\"section\" data-e-type=\"section\">\n\t\t\t\t\t\t<div class=\"elementor-container elementor-column-gap-default\">\n\t\t\t\t\t<div class=\"elementor-column elementor-col-100 elementor-top-column elementor-element elementor-element-46dfcf1\" data-id=\"46dfcf1\" data-element_type=\"column\" data-e-type=\"column\" data-settings=\"{&quot;background_background&quot;:&quot;classic&quot;}\">\n\t\t\t<div class=\"elementor-widget-wrap elementor-element-populated\">\n\t\t\t\t\t<div class=\"elementor-background-overlay\"><\/div>\n\t\t\t\t\t\t<div class=\"elementor-element elementor-element-d80a0cc elementor-widget elementor-widget-heading\" data-id=\"d80a0cc\" data-element_type=\"widget\" data-e-type=\"widget\" data-widget_type=\"heading.default\">\n\t\t\t\t<div class=\"elementor-widget-container\">\n\t\t\t\t\t<h2 class=\"elementor-heading-title elementor-size-default\">Envie de d\u00e9couvrir ce qu'AllSign peut faire pour vous?<\/h2>\t\t\t\t<\/div>\n\t\t\t\t<\/div>\n\t\t\t\t<div class=\"elementor-element elementor-element-d216949 elementor-widget elementor-widget-button\" data-id=\"d216949\" data-element_type=\"widget\" data-e-type=\"widget\" data-widget_type=\"button.default\">\n\t\t\t\t<div class=\"elementor-widget-container\">\n\t\t\t\t\t\t\t\t\t<div class=\"elementor-button-wrapper\">\n\t\t\t\t\t<a class=\"elementor-button elementor-button-link elementor-size-sm\" href=\"https:\/\/allsign.be\/fr\/contactez-nous\/\">\n\t\t\t\t\t\t<span class=\"elementor-button-content-wrapper\">\n\t\t\t\t\t\t\t\t\t<span class=\"elementor-button-text\">Contactez-nous<\/span>\n\t\t\t\t\t<\/span>\n\t\t\t\t\t<\/a>\n\t\t\t\t<\/div>\n\t\t\t\t\t\t\t\t<\/div>\n\t\t\t\t<\/div>\n\t\t\t\t\t<\/div>\n\t\t<\/div>\n\t\t\t\t\t<\/div>\n\t\t<\/section>\n\t\t\t\t<\/div>\n\t\t","protected":false},"excerpt":{"rendered":"<p>D\u00e9couvrez dans notre blog comment la signalisation joue un r\u00f4le important dans l&rsquo;am\u00e9lioration de l&rsquo;accessibilit\u00e9 et de la s\u00e9curit\u00e9 des espaces publics pour les personnes ayant des limitations visuelles.<\/p>\n","protected":false},"author":4,"featured_media":5895,"comment_status":"closed","ping_status":"closed","sticky":false,"template":"","format":"standard","meta":{"_acf_changed":false,"footnotes":""},"categories":[51],"tags":[],"class_list":["post-5903","post","type-post","status-publish","format-standard","has-post-thumbnail","hentry","category-blogs"],"acf":[],"yoast_head":"<!-- This site is optimized with the Yoast SEO plugin v27.4 - https:\/\/yoast.com\/product\/yoast-seo-wordpress\/ -->\n<title>L&#039;importance de la signalisation pour les personnes ayant une d\u00e9ficience visuelle<\/title>\n<meta name=\"description\" content=\"D\u00e9couvrez l&#039;importance de la signalisation pour l&#039;accessibilit\u00e9 et la s\u00e9curit\u00e9 dans les espaces publics pour les personnes avec des limitations visuelles.\" \/>\n<meta name=\"robots\" content=\"index, follow, max-snippet:-1, max-image-preview:large, max-video-preview:-1\" \/>\n<link rel=\"canonical\" href=\"https:\/\/allsign.be\/fr\/limportance-de-la-signalisation-pour-les-personnes-ayant-une-deficience-visuelle\/\" \/>\n<meta property=\"og:locale\" content=\"fr_FR\" \/>\n<meta property=\"og:type\" content=\"article\" \/>\n<meta property=\"og:title\" content=\"L&#039;importance de la signalisation pour les personnes ayant une d\u00e9ficience visuelle\" \/>\n<meta property=\"og:description\" content=\"D\u00e9couvrez l&#039;importance de la signalisation pour l&#039;accessibilit\u00e9 et la s\u00e9curit\u00e9 dans les espaces publics pour les personnes avec des limitations visuelles.\" \/>\n<meta property=\"og:url\" content=\"https:\/\/allsign.be\/fr\/limportance-de-la-signalisation-pour-les-personnes-ayant-une-deficience-visuelle\/\" \/>\n<meta property=\"og:site_name\" content=\"AllSign.be\" \/>\n<meta property=\"article:published_time\" content=\"2024-03-27T10:19:49+00:00\" \/>\n<meta property=\"article:modified_time\" content=\"2024-05-02T07:12:01+00:00\" \/>\n<meta property=\"og:image\" content=\"https:\/\/allsign.be\/wp-content\/uploads\/2024\/03\/240801-Blog-3-.jpg\" \/>\n\t<meta property=\"og:image:width\" content=\"1200\" \/>\n\t<meta property=\"og:image:height\" content=\"900\" \/>\n\t<meta property=\"og:image:type\" content=\"image\/jpeg\" \/>\n<meta name=\"author\" content=\"Marthe Keuleers\" \/>\n<meta name=\"twitter:card\" content=\"summary_large_image\" \/>\n<meta name=\"twitter:label1\" content=\"\u00c9crit par\" \/>\n\t<meta name=\"twitter:data1\" content=\"Marthe Keuleers\" \/>\n\t<meta name=\"twitter:label2\" content=\"Dur\u00e9e de lecture estim\u00e9e\" \/>\n\t<meta name=\"twitter:data2\" content=\"3 minutes\" \/>\n<script type=\"application\/ld+json\" class=\"yoast-schema-graph\">{\"@context\":\"https:\\\/\\\/schema.org\",\"@graph\":[{\"@type\":\"Article\",\"@id\":\"https:\\\/\\\/allsign.be\\\/fr\\\/limportance-de-la-signalisation-pour-les-personnes-ayant-une-deficience-visuelle\\\/#article\",\"isPartOf\":{\"@id\":\"https:\\\/\\\/allsign.be\\\/fr\\\/limportance-de-la-signalisation-pour-les-personnes-ayant-une-deficience-visuelle\\\/\"},\"author\":{\"name\":\"Marthe Keuleers\",\"@id\":\"https:\\\/\\\/allsign.be\\\/fr\\\/#\\\/schema\\\/person\\\/b004df9dd5a790f68cbc792371605ab1\"},\"headline\":\"L&rsquo;importance de la signalisation pour les personnes ayant une d\u00e9ficience visuelle\",\"datePublished\":\"2024-03-27T10:19:49+00:00\",\"dateModified\":\"2024-05-02T07:12:01+00:00\",\"mainEntityOfPage\":{\"@id\":\"https:\\\/\\\/allsign.be\\\/fr\\\/limportance-de-la-signalisation-pour-les-personnes-ayant-une-deficience-visuelle\\\/\"},\"wordCount\":462,\"image\":{\"@id\":\"https:\\\/\\\/allsign.be\\\/fr\\\/limportance-de-la-signalisation-pour-les-personnes-ayant-une-deficience-visuelle\\\/#primaryimage\"},\"thumbnailUrl\":\"https:\\\/\\\/allsign.be\\\/wp-content\\\/uploads\\\/2024\\\/03\\\/240801-Blog-3-.jpg\",\"articleSection\":[\"Blogs\"],\"inLanguage\":\"fr-FR\"},{\"@type\":\"WebPage\",\"@id\":\"https:\\\/\\\/allsign.be\\\/fr\\\/limportance-de-la-signalisation-pour-les-personnes-ayant-une-deficience-visuelle\\\/\",\"url\":\"https:\\\/\\\/allsign.be\\\/fr\\\/limportance-de-la-signalisation-pour-les-personnes-ayant-une-deficience-visuelle\\\/\",\"name\":\"L'importance de la signalisation pour les personnes ayant une d\u00e9ficience visuelle\",\"isPartOf\":{\"@id\":\"https:\\\/\\\/allsign.be\\\/fr\\\/#website\"},\"primaryImageOfPage\":{\"@id\":\"https:\\\/\\\/allsign.be\\\/fr\\\/limportance-de-la-signalisation-pour-les-personnes-ayant-une-deficience-visuelle\\\/#primaryimage\"},\"image\":{\"@id\":\"https:\\\/\\\/allsign.be\\\/fr\\\/limportance-de-la-signalisation-pour-les-personnes-ayant-une-deficience-visuelle\\\/#primaryimage\"},\"thumbnailUrl\":\"https:\\\/\\\/allsign.be\\\/wp-content\\\/uploads\\\/2024\\\/03\\\/240801-Blog-3-.jpg\",\"datePublished\":\"2024-03-27T10:19:49+00:00\",\"dateModified\":\"2024-05-02T07:12:01+00:00\",\"author\":{\"@id\":\"https:\\\/\\\/allsign.be\\\/fr\\\/#\\\/schema\\\/person\\\/b004df9dd5a790f68cbc792371605ab1\"},\"description\":\"D\u00e9couvrez l'importance de la signalisation pour l'accessibilit\u00e9 et la s\u00e9curit\u00e9 dans les espaces publics pour les personnes avec des limitations visuelles.\",\"breadcrumb\":{\"@id\":\"https:\\\/\\\/allsign.be\\\/fr\\\/limportance-de-la-signalisation-pour-les-personnes-ayant-une-deficience-visuelle\\\/#breadcrumb\"},\"inLanguage\":\"fr-FR\",\"potentialAction\":[{\"@type\":\"ReadAction\",\"target\":[\"https:\\\/\\\/allsign.be\\\/fr\\\/limportance-de-la-signalisation-pour-les-personnes-ayant-une-deficience-visuelle\\\/\"]}]},{\"@type\":\"ImageObject\",\"inLanguage\":\"fr-FR\",\"@id\":\"https:\\\/\\\/allsign.be\\\/fr\\\/limportance-de-la-signalisation-pour-les-personnes-ayant-une-deficience-visuelle\\\/#primaryimage\",\"url\":\"https:\\\/\\\/allsign.be\\\/wp-content\\\/uploads\\\/2024\\\/03\\\/240801-Blog-3-.jpg\",\"contentUrl\":\"https:\\\/\\\/allsign.be\\\/wp-content\\\/uploads\\\/2024\\\/03\\\/240801-Blog-3-.jpg\",\"width\":1200,\"height\":900,\"caption\":\"Signalisatie\"},{\"@type\":\"BreadcrumbList\",\"@id\":\"https:\\\/\\\/allsign.be\\\/fr\\\/limportance-de-la-signalisation-pour-les-personnes-ayant-une-deficience-visuelle\\\/#breadcrumb\",\"itemListElement\":[{\"@type\":\"ListItem\",\"position\":1,\"name\":\"Home\",\"item\":\"https:\\\/\\\/allsign.be\\\/fr\\\/\"},{\"@type\":\"ListItem\",\"position\":2,\"name\":\"L&#8217;importance de la signalisation pour les personnes ayant une d\u00e9ficience visuelle\"}]},{\"@type\":\"WebSite\",\"@id\":\"https:\\\/\\\/allsign.be\\\/fr\\\/#website\",\"url\":\"https:\\\/\\\/allsign.be\\\/fr\\\/\",\"name\":\"AllSign.be\",\"description\":\"Tout le n\u00e9cessaire pour un environnement de travail s\u00fbr | AllSign | Zaventem\",\"potentialAction\":[{\"@type\":\"SearchAction\",\"target\":{\"@type\":\"EntryPoint\",\"urlTemplate\":\"https:\\\/\\\/allsign.be\\\/fr\\\/?s={search_term_string}\"},\"query-input\":{\"@type\":\"PropertyValueSpecification\",\"valueRequired\":true,\"valueName\":\"search_term_string\"}}],\"inLanguage\":\"fr-FR\"},{\"@type\":\"Person\",\"@id\":\"https:\\\/\\\/allsign.be\\\/fr\\\/#\\\/schema\\\/person\\\/b004df9dd5a790f68cbc792371605ab1\",\"name\":\"Marthe Keuleers\",\"image\":{\"@type\":\"ImageObject\",\"inLanguage\":\"fr-FR\",\"@id\":\"https:\\\/\\\/secure.gravatar.com\\\/avatar\\\/17f496c341937d0f74aa224cd8dad949c19c8c3b13f81658cf2c400dc342d32d?s=96&d=mm&r=g\",\"url\":\"https:\\\/\\\/secure.gravatar.com\\\/avatar\\\/17f496c341937d0f74aa224cd8dad949c19c8c3b13f81658cf2c400dc342d32d?s=96&d=mm&r=g\",\"contentUrl\":\"https:\\\/\\\/secure.gravatar.com\\\/avatar\\\/17f496c341937d0f74aa224cd8dad949c19c8c3b13f81658cf2c400dc342d32d?s=96&d=mm&r=g\",\"caption\":\"Marthe Keuleers\"},\"url\":\"https:\\\/\\\/allsign.be\\\/fr\\\/author\\\/creactiv\\\/\"}]}<\/script>\n<!-- \/ Yoast SEO plugin. -->","yoast_head_json":{"title":"L'importance de la signalisation pour les personnes ayant une d\u00e9ficience visuelle","description":"D\u00e9couvrez l'importance de la signalisation pour l'accessibilit\u00e9 et la s\u00e9curit\u00e9 dans les espaces publics pour les personnes avec des limitations visuelles.","robots":{"index":"index","follow":"follow","max-snippet":"max-snippet:-1","max-image-preview":"max-image-preview:large","max-video-preview":"max-video-preview:-1"},"canonical":"https:\/\/allsign.be\/fr\/limportance-de-la-signalisation-pour-les-personnes-ayant-une-deficience-visuelle\/","og_locale":"fr_FR","og_type":"article","og_title":"L'importance de la signalisation pour les personnes ayant une d\u00e9ficience visuelle","og_description":"D\u00e9couvrez l'importance de la signalisation pour l'accessibilit\u00e9 et la s\u00e9curit\u00e9 dans les espaces publics pour les personnes avec des limitations visuelles.","og_url":"https:\/\/allsign.be\/fr\/limportance-de-la-signalisation-pour-les-personnes-ayant-une-deficience-visuelle\/","og_site_name":"AllSign.be","article_published_time":"2024-03-27T10:19:49+00:00","article_modified_time":"2024-05-02T07:12:01+00:00","og_image":[{"width":1200,"height":900,"url":"https:\/\/allsign.be\/wp-content\/uploads\/2024\/03\/240801-Blog-3-.jpg","type":"image\/jpeg"}],"author":"Marthe Keuleers","twitter_card":"summary_large_image","twitter_misc":{"\u00c9crit par":"Marthe Keuleers","Dur\u00e9e de lecture estim\u00e9e":"3 minutes"},"schema":{"@context":"https:\/\/schema.org","@graph":[{"@type":"Article","@id":"https:\/\/allsign.be\/fr\/limportance-de-la-signalisation-pour-les-personnes-ayant-une-deficience-visuelle\/#article","isPartOf":{"@id":"https:\/\/allsign.be\/fr\/limportance-de-la-signalisation-pour-les-personnes-ayant-une-deficience-visuelle\/"},"author":{"name":"Marthe Keuleers","@id":"https:\/\/allsign.be\/fr\/#\/schema\/person\/b004df9dd5a790f68cbc792371605ab1"},"headline":"L&rsquo;importance de la signalisation pour les personnes ayant une d\u00e9ficience visuelle","datePublished":"2024-03-27T10:19:49+00:00","dateModified":"2024-05-02T07:12:01+00:00","mainEntityOfPage":{"@id":"https:\/\/allsign.be\/fr\/limportance-de-la-signalisation-pour-les-personnes-ayant-une-deficience-visuelle\/"},"wordCount":462,"image":{"@id":"https:\/\/allsign.be\/fr\/limportance-de-la-signalisation-pour-les-personnes-ayant-une-deficience-visuelle\/#primaryimage"},"thumbnailUrl":"https:\/\/allsign.be\/wp-content\/uploads\/2024\/03\/240801-Blog-3-.jpg","articleSection":["Blogs"],"inLanguage":"fr-FR"},{"@type":"WebPage","@id":"https:\/\/allsign.be\/fr\/limportance-de-la-signalisation-pour-les-personnes-ayant-une-deficience-visuelle\/","url":"https:\/\/allsign.be\/fr\/limportance-de-la-signalisation-pour-les-personnes-ayant-une-deficience-visuelle\/","name":"L'importance de la signalisation pour les personnes ayant une d\u00e9ficience visuelle","isPartOf":{"@id":"https:\/\/allsign.be\/fr\/#website"},"primaryImageOfPage":{"@id":"https:\/\/allsign.be\/fr\/limportance-de-la-signalisation-pour-les-personnes-ayant-une-deficience-visuelle\/#primaryimage"},"image":{"@id":"https:\/\/allsign.be\/fr\/limportance-de-la-signalisation-pour-les-personnes-ayant-une-deficience-visuelle\/#primaryimage"},"thumbnailUrl":"https:\/\/allsign.be\/wp-content\/uploads\/2024\/03\/240801-Blog-3-.jpg","datePublished":"2024-03-27T10:19:49+00:00","dateModified":"2024-05-02T07:12:01+00:00","author":{"@id":"https:\/\/allsign.be\/fr\/#\/schema\/person\/b004df9dd5a790f68cbc792371605ab1"},"description":"D\u00e9couvrez l'importance de la signalisation pour l'accessibilit\u00e9 et la s\u00e9curit\u00e9 dans les espaces publics pour les personnes avec des limitations visuelles.","breadcrumb":{"@id":"https:\/\/allsign.be\/fr\/limportance-de-la-signalisation-pour-les-personnes-ayant-une-deficience-visuelle\/#breadcrumb"},"inLanguage":"fr-FR","potentialAction":[{"@type":"ReadAction","target":["https:\/\/allsign.be\/fr\/limportance-de-la-signalisation-pour-les-personnes-ayant-une-deficience-visuelle\/"]}]},{"@type":"ImageObject","inLanguage":"fr-FR","@id":"https:\/\/allsign.be\/fr\/limportance-de-la-signalisation-pour-les-personnes-ayant-une-deficience-visuelle\/#primaryimage","url":"https:\/\/allsign.be\/wp-content\/uploads\/2024\/03\/240801-Blog-3-.jpg","contentUrl":"https:\/\/allsign.be\/wp-content\/uploads\/2024\/03\/240801-Blog-3-.jpg","width":1200,"height":900,"caption":"Signalisatie"},{"@type":"BreadcrumbList","@id":"https:\/\/allsign.be\/fr\/limportance-de-la-signalisation-pour-les-personnes-ayant-une-deficience-visuelle\/#breadcrumb","itemListElement":[{"@type":"ListItem","position":1,"name":"Home","item":"https:\/\/allsign.be\/fr\/"},{"@type":"ListItem","position":2,"name":"L&#8217;importance de la signalisation pour les personnes ayant une d\u00e9ficience visuelle"}]},{"@type":"WebSite","@id":"https:\/\/allsign.be\/fr\/#website","url":"https:\/\/allsign.be\/fr\/","name":"AllSign.be","description":"Tout le n\u00e9cessaire pour un environnement de travail s\u00fbr | AllSign | Zaventem","potentialAction":[{"@type":"SearchAction","target":{"@type":"EntryPoint","urlTemplate":"https:\/\/allsign.be\/fr\/?s={search_term_string}"},"query-input":{"@type":"PropertyValueSpecification","valueRequired":true,"valueName":"search_term_string"}}],"inLanguage":"fr-FR"},{"@type":"Person","@id":"https:\/\/allsign.be\/fr\/#\/schema\/person\/b004df9dd5a790f68cbc792371605ab1","name":"Marthe Keuleers","image":{"@type":"ImageObject","inLanguage":"fr-FR","@id":"https:\/\/secure.gravatar.com\/avatar\/17f496c341937d0f74aa224cd8dad949c19c8c3b13f81658cf2c400dc342d32d?s=96&d=mm&r=g","url":"https:\/\/secure.gravatar.com\/avatar\/17f496c341937d0f74aa224cd8dad949c19c8c3b13f81658cf2c400dc342d32d?s=96&d=mm&r=g","contentUrl":"https:\/\/secure.gravatar.com\/avatar\/17f496c341937d0f74aa224cd8dad949c19c8c3b13f81658cf2c400dc342d32d?s=96&d=mm&r=g","caption":"Marthe Keuleers"},"url":"https:\/\/allsign.be\/fr\/author\/creactiv\/"}]}},"_links":{"self":[{"href":"https:\/\/allsign.be\/fr\/wp-json\/wp\/v2\/posts\/5903","targetHints":{"allow":["GET"]}}],"collection":[{"href":"https:\/\/allsign.be\/fr\/wp-json\/wp\/v2\/posts"}],"about":[{"href":"https:\/\/allsign.be\/fr\/wp-json\/wp\/v2\/types\/post"}],"author":[{"embeddable":true,"href":"https:\/\/allsign.be\/fr\/wp-json\/wp\/v2\/users\/4"}],"replies":[{"embeddable":true,"href":"https:\/\/allsign.be\/fr\/wp-json\/wp\/v2\/comments?post=5903"}],"version-history":[{"count":4,"href":"https:\/\/allsign.be\/fr\/wp-json\/wp\/v2\/posts\/5903\/revisions"}],"predecessor-version":[{"id":6136,"href":"https:\/\/allsign.be\/fr\/wp-json\/wp\/v2\/posts\/5903\/revisions\/6136"}],"wp:featuredmedia":[{"embeddable":true,"href":"https:\/\/allsign.be\/fr\/wp-json\/wp\/v2\/media\/5895"}],"wp:attachment":[{"href":"https:\/\/allsign.be\/fr\/wp-json\/wp\/v2\/media?parent=5903"}],"wp:term":[{"taxonomy":"category","embeddable":true,"href":"https:\/\/allsign.be\/fr\/wp-json\/wp\/v2\/categories?post=5903"},{"taxonomy":"post_tag","embeddable":true,"href":"https:\/\/allsign.be\/fr\/wp-json\/wp\/v2\/tags?post=5903"}],"curies":[{"name":"wp","href":"https:\/\/api.w.org\/{rel}","templated":true}]}}